{"id":1975,"date":"2019-12-13T18:56:12","date_gmt":"2019-12-13T18:56:12","guid":{"rendered":"http:\/\/www.koleje.szprotawa.org.pl\/test\/?p=1975"},"modified":"2019-12-13T19:00:06","modified_gmt":"2019-12-13T19:00:06","slug":"pojawia-sie-szansa-na-powrot-pociagow-miedzy-glogowem-a-zaganiem","status":"publish","type":"post","link":"http:\/\/www.koleje.szprotawa.org.pl\/test\/aktualnosci\/pojawia-sie-szansa-na-powrot-pociagow-miedzy-glogowem-a-zaganiem\/","title":{"rendered":"Pojawia si\u0119 szansa na powr\u00f3t poci\u0105g\u00f3w mi\u0119dzy G\u0142ogowem a \u017baganiem"},"content":{"rendered":"<p><strong>15 grudnia 2019 roku wejdzie w \u017cycie rozk\u0142ad jazdy poci\u0105g\u00f3w obowi\u0105zuj\u0105cy do 12 grudnia 2020. W nowym rozk\u0142adzie zostan\u0105 przywr\u00f3cone poci\u0105gi na odcinku Leszno-Wschowa-G\u0142og\u00f3w.<\/strong><\/p>\n<p><!--more--><\/p>\n<p>Dzi\u0119ki temu jedynym odcinkiem linii kolejowej nr 14 bez ruchu pasa\u017cerskiego b\u0119dzie fragment z G\u0142ogowa do \u017bagania p. Szprotaw\u0119. Okazuje si\u0119, \u017ce grupy mi\u0142o\u015bnik\u00f3w kolejnictwa z \u017bagania, G\u0142ogowa i nie tylko podejmuj\u0105 starania, aby ten odcinek potraktowa\u0107 jako priorytetowy w zakresie prac remontowych. Podj\u0119cie remontu w przypadku tego szlaku jest konieczne z uwagi na jego stan techniczny (na wi\u0119kszo\u015bci obowi\u0105zuje ograniczenie pr\u0119dko\u015bci do 20 &#8211; 30 km\/h, odcinki w najlepszym stanie maj\u0105 dopuszczaln\u0105 pr\u0119dko\u015b\u0107 wynosz\u0105c\u0105 60 km\/h). Niska pr\u0119dko\u015b\u0107 przejazdu uniemo\u017cliwia podj\u0119cie dzia\u0142a\u0144 reaktywacyjnych w zakresie po\u0142\u0105cze\u0144 pasa\u017cerskich. PKP PLK zamierza wpisa\u0107 prace mi\u0119dzy G\u0142ogowem a granic\u0105 pa\u0144stwa do dokumentacji unijnej w ramach zbli\u017caj\u0105cej si\u0119 perspektywy na lata 2021-2027.\u00a0 Trzymamy kciuki, aby dosz\u0142o do remontu, dzi\u0119ki czemu mo\u017cliwe stanie si\u0119 podejmowanie nacisk\u00f3w w kwestii przywr\u00f3cenia ruchu osobowego.<\/p>\n<p>&nbsp;<\/p>\n<p>Wi\u0119cej na ten temat mo\u017cna przeczyta\u0107 na facebookowym profilu Linia kolejowa nr 14 \u017baga\u0144 &#8211; G\u0142og\u00f3w &#8211; Leszno klikaj\u0105c <a href=\"https:\/\/www.facebook.com\/kolej14\/posts\/2662035990551538\">tutaj<\/a>.<\/p>\n","protected":false},"excerpt":{"rendered":"<p>15 grudnia 2019 roku wejdzie w \u017cycie rozk\u0142ad jazdy poci\u0105g\u00f3w obowi\u0105zuj\u0105cy do 12 grudnia 2020. W nowym rozk\u0142adzie zostan\u0105 przywr\u00f3cone poci\u0105gi na odcinku Leszno-Wschowa-G\u0142og\u00f3w.<\/p>\n","protected":false},"author":1,"featured_media":0,"comment_status":"open","ping_status":"closed","sticky":false,"template":"","format":"standard","meta":[],"categories":[5],"tags":[],"_links":{"self":[{"href":"http:\/\/www.koleje.szprotawa.org.pl\/test\/wp-json\/wp\/v2\/posts\/1975"}],"collection":[{"href":"http:\/\/www.koleje.szprotawa.org.pl\/test\/wp-json\/wp\/v2\/posts"}],"about":[{"href":"http:\/\/www.koleje.szprotawa.org.pl\/test\/wp-json\/wp\/v2\/types\/post"}],"author":[{"embeddable":true,"href":"http:\/\/www.koleje.szprotawa.org.pl\/test\/wp-json\/wp\/v2\/users\/1"}],"replies":[{"embeddable":true,"href":"http:\/\/www.koleje.szprotawa.org.pl\/test\/wp-json\/wp\/v2\/comments?post=1975"}],"version-history":[{"count":3,"href":"http:\/\/www.koleje.szprotawa.org.pl\/test\/wp-json\/wp\/v2\/posts\/1975\/revisions"}],"predecessor-version":[{"id":1978,"href":"http:\/\/www.koleje.szprotawa.org.pl\/test\/wp-json\/wp\/v2\/posts\/1975\/revisions\/1978"}],"wp:attachment":[{"href":"http:\/\/www.koleje.szprotawa.org.pl\/test\/wp-json\/wp\/v2\/media?parent=1975"}],"wp:term":[{"taxonomy":"category","embeddable":true,"href":"http:\/\/www.koleje.szprotawa.org.pl\/test\/wp-json\/wp\/v2\/categories?post=1975"},{"taxonomy":"post_tag","embeddable":true,"href":"http:\/\/www.koleje.szprotawa.org.pl\/test\/wp-json\/wp\/v2\/tags?post=1975"}],"curies":[{"name":"wp","href":"https:\/\/api.w.org\/{rel}","templated":true}]}}