{"id":1973,"date":"2019-12-11T17:39:33","date_gmt":"2019-12-11T17:39:33","guid":{"rendered":"http:\/\/www.koleje.szprotawa.org.pl\/test\/?p=1973"},"modified":"2019-12-11T17:39:33","modified_gmt":"2019-12-11T17:39:33","slug":"nowy-rozklad-jazdy-pociagow-4","status":"publish","type":"post","link":"http:\/\/www.koleje.szprotawa.org.pl\/test\/rozklady-jazdy\/nowy-rozklad-jazdy-pociagow-4\/","title":{"rendered":"Nowy rozk\u0142ad jazdy poci\u0105g\u00f3w"},"content":{"rendered":"<p><strong>W najbli\u017csz\u0105 niedziel\u0119 15 grudnia 2019 roku wejdzie w \u017cycie nowy rozk\u0142ad jazdy poci\u0105g\u00f3w, kt\u00f3ry b\u0119dzie obowi\u0105zywa\u0142 do 12 grudnia 2020.<\/strong><\/p>\n<p><!--more--><\/p>\n<p>Na terenie Ziemi Szprotawskiej pojawi\u0105 si\u0119 zmiany, najwa\u017cniejsz\u0105 z nich b\u0119dzie bezpo\u015bredni poci\u0105g do Warszawy. Dzi\u0119ki staraniom mi\u0142o\u015bnik\u00f3w kolei z \u017bagania od 15 grudnia b\u0119dzie mo\u017cna skorzysta\u0107 z bezpo\u015bredniego poci\u0105gu do stolicy. Sk\u0142ad TLK Konopnicka po godzinie 5.00 wyjedzie z Zielonej G\u00f3ry, sk\u0105d przez \u017bary, \u017baga\u0144 i Ma\u0142omice uda si\u0119 do Wroc\u0142awia. Tam zostanie on po\u0142\u0105czony z cz\u0119\u015bci\u0105 wyje\u017cd\u017caj\u0105c\u0105 z Zielonej G\u00f3ry i jad\u0105c\u0105 p. Now\u0105 S\u00f3l i G\u0142og\u00f3w. Dalej jako jedna ca\u0142o\u015b\u0107 poci\u0105g pod\u0105\u017cy do Warszawy. Odjazd z Ma\u0142omic do Warszawy 6.46, przyjazd z Warszawy 21.04. Szkoda, \u017ce poci\u0105g nie zatrzyma si\u0119 w Lesznie G\u00f3rnym, bo do tej miejscowo\u015bci doje\u017cd\u017ca komunikacja gminy Szprotawa, kt\u00f3rej autobusy s\u0105 skomunikowane z cz\u0119\u015bci\u0105 poci\u0105g\u00f3w.<\/p>\n<p>Rozk\u0142ad jazdy dla stacji \u017bary obejmuj\u0105cy relacje w kierunku Legnicy i W\u0119gli\u0144ca mo\u017cna zobaczy\u0107 tu: <a href=\"http:\/\/koleje.szprotawa.org.pl\/uploads\/rozklady\/odjazdy.pdf\">odjazdy<\/a>, <a href=\"http:\/\/koleje.szprotawa.org.pl\/uploads\/rozklady\/przyjazdy.pdf\">przyjazdy<\/a>.<\/p>\n","protected":false},"excerpt":{"rendered":"<p>W najbli\u017csz\u0105 niedziel\u0119 15 grudnia 2019 roku wejdzie w \u017cycie nowy rozk\u0142ad jazdy poci\u0105g\u00f3w, kt\u00f3ry b\u0119dzie obowi\u0105zywa\u0142 do 12 grudnia 2020.<\/p>\n","protected":false},"author":1,"featured_media":0,"comment_status":"open","ping_status":"closed","sticky":false,"template":"","format":"standard","meta":[],"categories":[5,4],"tags":[],"_links":{"self":[{"href":"http:\/\/www.koleje.szprotawa.org.pl\/test\/wp-json\/wp\/v2\/posts\/1973"}],"collection":[{"href":"http:\/\/www.koleje.szprotawa.org.pl\/test\/wp-json\/wp\/v2\/posts"}],"about":[{"href":"http:\/\/www.koleje.szprotawa.org.pl\/test\/wp-json\/wp\/v2\/types\/post"}],"author":[{"embeddable":true,"href":"http:\/\/www.koleje.szprotawa.org.pl\/test\/wp-json\/wp\/v2\/users\/1"}],"replies":[{"embeddable":true,"href":"http:\/\/www.koleje.szprotawa.org.pl\/test\/wp-json\/wp\/v2\/comments?post=1973"}],"version-history":[{"count":1,"href":"http:\/\/www.koleje.szprotawa.org.pl\/test\/wp-json\/wp\/v2\/posts\/1973\/revisions"}],"predecessor-version":[{"id":1974,"href":"http:\/\/www.koleje.szprotawa.org.pl\/test\/wp-json\/wp\/v2\/posts\/1973\/revisions\/1974"}],"wp:attachment":[{"href":"http:\/\/www.koleje.szprotawa.org.pl\/test\/wp-json\/wp\/v2\/media?parent=1973"}],"wp:term":[{"taxonomy":"category","embeddable":true,"href":"http:\/\/www.koleje.szprotawa.org.pl\/test\/wp-json\/wp\/v2\/categories?post=1973"},{"taxonomy":"post_tag","embeddable":true,"href":"http:\/\/www.koleje.szprotawa.org.pl\/test\/wp-json\/wp\/v2\/tags?post=1973"}],"curies":[{"name":"wp","href":"https:\/\/api.w.org\/{rel}","templated":true}]}}